{"id":3570,"date":"2020-06-13T20:09:46","date_gmt":"2020-06-13T18:09:46","guid":{"rendered":"https:\/\/badminton.square7.ch\/demo\/?p=3570"},"modified":"2020-06-13T20:09:46","modified_gmt":"2020-06-13T18:09:46","slug":"training-beginnt-wieder-mit-auflagen","status":"publish","type":"post","link":"https:\/\/badminton.square7.ch\/demo\/training-beginnt-wieder-mit-auflagen\/","title":{"rendered":"Training beginnt wieder &#8230;. mit Auflagen"},"content":{"rendered":"<p>Hallo Leute,<br \/>\nheute habe ich mal gute Nachrichten. Ab dieser Woche haben wir zwei Trainingszeiten in unseren alten Trainingshalle in Weinh\u00fcbel. Wir k\u00f6nnen dort am Dienstag von 19.30 Uhr bis 22.00 Uhr trainieren. Die Zeit nehmen wir als Erwachsenentraining. Die zweite Zeit ist am Donnerstag von 16.30 bis 18.30 Uhr. In diese Zeit legen wir das Kinder- und Jugendtraining.<br \/>\nWir haben uns dabei an geltende Ma\u00dfnahmen zu halten. Ich schicke sie mit dieser Mail mit. Diese findet Ihr im Anhang. Ich bitte auch hier um Beachtung.<br \/>\nBitte bedenkt auch: wer sich nicht in der Lage f\u00fchlt und Angst hat braucht nicht zu kommen. Die ganze Geschichte ist und bleibt &#8222;Volkssport&#8220; und damit freiwillig.<br \/>\nNur wer gesund ist und keinen Kontakt zu Corona-Patienten hatte, darf am Training teilnehmen.<br \/>\nWir treffen uns am 09.06. zu unserem 1. Training um 19.30 Uhr in der Halle in Weinh\u00fcbel. Denkt daran vorher sind die Volleyballer vom CVJM drin. Nicht schon zu zeitig rein kommen, sie f\u00fchlen sich sonst wieder genervt und au\u00dferdem m\u00fcssen wir ja Abstand halten. Die Anordnung vom Amt sagt eh aus das wir uns nicht &#8222;begegnen&#8220; d\u00fcrfen<br \/>\nIch werde wie es gefordert ist am Eingang eine Liste auslegen wo ihr euch bitte einschreibt, damit wir wissen wer da ist. Nur falls irgend was mal sein sollte und wir nachweisen m\u00fcssen wer alles in der Halle war. Also seid so nett und tragt euch ein.<\/p>\n<p>Zum Kinder und Jugendtraining treffen wir uns 16.30 Uhr. Bitte p\u00fcnktlich sein da wir ja 18.30 Uhr wieder aus der Halle raus sein m\u00fcssen. Auch hier lege ich wieder eine Liste aus wo sich jeder Teilnehmer eintr\u00e4gt<br \/>\nDenkt daran in den Umkleiden bei Unterschreitung der 1,5 m einen Mund Nasen Schutz zu tragen. Vielleicht ist es besser schon in der Sportkleidung zu kommen und wieder so zu fahren. Das entspannt diese Situation auf alle F\u00e4lle.<\/p>\n<p>Hygienekonzept <a href=\"https:\/\/badminton.square7.ch\/demo\/wp-content\/uploads\/Hygienekonzept.pdf\" target=\"_blank\" rel=\"noopener noreferrer\">[click hier<\/a>] beachten !<\/p>\n<p>gez.: Karsten Putschke (Vereinsvorsitzender)<\/p>\n","protected":false},"excerpt":{"rendered":"<p>Hallo Leute, heute habe ich mal gute Nachrichten. Ab dieser Woche haben wir zwei Trainingszeiten in unseren alten Trainingshalle in Weinh\u00fcbel. Wir k\u00f6nnen dort am Dienstag von 19.30 Uhr bis [&hellip;]<\/p>\n","protected":false},"author":3,"featured_media":0,"comment_status":"closed","ping_status":"closed","sticky":true,"template":"","format":"standard","meta":{"_custom_body_class":"","_custom_post_class":"","footnotes":""},"categories":[15],"tags":[],"class_list":["post-3570","post","type-post","status-publish","format-standard","hentry","category-news"],"_links":{"self":[{"href":"https:\/\/badminton.square7.ch\/demo\/wp-json\/wp\/v2\/posts\/3570","targetHints":{"allow":["GET"]}}],"collection":[{"href":"https:\/\/badminton.square7.ch\/demo\/wp-json\/wp\/v2\/posts"}],"about":[{"href":"https:\/\/badminton.square7.ch\/demo\/wp-json\/wp\/v2\/types\/post"}],"author":[{"embeddable":true,"href":"https:\/\/badminton.square7.ch\/demo\/wp-json\/wp\/v2\/users\/3"}],"replies":[{"embeddable":true,"href":"https:\/\/badminton.square7.ch\/demo\/wp-json\/wp\/v2\/comments?post=3570"}],"version-history":[{"count":3,"href":"https:\/\/badminton.square7.ch\/demo\/wp-json\/wp\/v2\/posts\/3570\/revisions"}],"predecessor-version":[{"id":3574,"href":"https:\/\/badminton.square7.ch\/demo\/wp-json\/wp\/v2\/posts\/3570\/revisions\/3574"}],"wp:attachment":[{"href":"https:\/\/badminton.square7.ch\/demo\/wp-json\/wp\/v2\/media?parent=3570"}],"wp:term":[{"taxonomy":"category","embeddable":true,"href":"https:\/\/badminton.square7.ch\/demo\/wp-json\/wp\/v2\/categories?post=3570"},{"taxonomy":"post_tag","embeddable":true,"href":"https:\/\/badminton.square7.ch\/demo\/wp-json\/wp\/v2\/tags?post=3570"}],"curies":[{"name":"wp","href":"https:\/\/api.w.org\/{rel}","templated":true}]}}