{"id":3518,"date":"2019-10-07T23:39:04","date_gmt":"2019-10-07T22:39:04","guid":{"rendered":"http:\/\/badminton.square7.ch\/demo\/?p=3518"},"modified":"2021-06-11T19:03:21","modified_gmt":"2021-06-11T18:03:21","slug":"20-jahre-1-badmintonverein-goerlitz-jubilaeumsfeier","status":"publish","type":"post","link":"https:\/\/badminton.square7.ch\/demo\/20-jahre-1-badmintonverein-goerlitz-jubilaeumsfeier\/","title":{"rendered":"20 Jahre 1. Badmintonverein G\u00f6rlitz Jubil\u00e4umsfeier"},"content":{"rendered":"<p><a href=\"https:\/\/photos.app.goo.gl\/AcNqN4QxwYCnMooG7\" target=\"_blank\" rel=\"noopener noreferrer\"><img fetchpriority=\"high\" decoding=\"async\" class=\"alignnone alignleft\" style=\"margin: 5px 10px 5px 10px;\" src=\"https:\/\/lh3.googleusercontent.com\/frqxmwMH2OU_B5Dg4w4QHzL5iWywBvVIveb-mRH_iUW2AinackuFEik8ERGnmuf5YgXpwNWLW1XYkOvAKpvq5eTPN7zfYDt3lDbCGmtrWY7aXRRHNPs1dxPtHDdpky5vlrEkSJe0fs4RXgfhrsf043weq0rSgUscRRv_IOPej5rt3hSJR_WgZEaibsZKxwQVdwPsUXmS-m3mDTUl3LPKGYy3rzzzTAlZ9ZFZkKPgSnx6PW1UHXRvB7hK4KdH5Xch3jMWezd7qduc1JUc56RqDlIVnirFfOYrJKs1lU5pHFAkj4i_8MvPwPnyzbhd1m7ojx3DXpHTGjuM6hMCKPHDM_R1tiobFdNoYDiRhVNdw5LUUYrpzPeJw6RIJMAhZby_VHrcbNRbrXh-shUTt1v89IzGv0RXM1mgfChIDovxO1Q7Sokc-mClJ5uQfKRmrH3qmfi_E1sRpHjGy-jkkTQV4GT1j2Bx_QkEQjrELQiBql4eHiqXpuq1MeHz_ZcgM10UyTYLpo0UaZhDJj6fhyZ7laGWVqIlKV1gDoTaYiOVFEBgOTOfFA2gZb0KBGMU3wkkEL4WQI3nOZb5U-q3XcpxTH68V4u66TXv8pJxz_rUbMKudJSuTANrz17GTeYYEAAPg8_R_1_l8DjY0atHR0d5Txrk5jjth5OShCzhnwrVtMg3zE0sytbNuA=w478-h318-no\" alt=\"\" width=\"477\" height=\"318\"><\/a><span style=\"font-size: 16px;\">Es ist erstaunlich, wie schnell doch die Zeit vergeht. Ich sehe uns noch 1999 zur Gr\u00fcndungsversammlung \u00fcber den Namen unseres Vereins abstimmen, und schlie\u00dflich entstand unser <span style=\"color: #008000;\"><strong>1.Badmintonverein G\u00f6rlitz.&nbsp;<\/strong><\/span><span style=\"color: #000000;\"><br \/>\nLutz Buchal als Vorsitzender, Susanne Michel als Stellvertreter und Kathrin Budig als Kassenwart meisterten alle Formalit\u00e4ten zur Feststellung der Gemeinn\u00fctzigkeit des Vereins.<br \/>\n(wird noch weiter erg\u00e4nzt&#8230;.) <\/span><\/span><\/p>\n<p><span style=\"font-size: 16px;\">Ein Klick auf das Foto f\u00fchrt zur Galerie der Feier<\/span><\/p>\n","protected":false},"excerpt":{"rendered":"<p>Es ist erstaunlich, wie schnell doch die Zeit vergeht. Ich sehe uns noch 1999 zur Gr\u00fcndungsversammlung \u00fcber den Namen unseres Vereins abstimmen, und schlie\u00dflich entstand unser 1.Badmintonverein G\u00f6rlitz.&nbsp; Lutz Buchal [&hellip;]<\/p>\n","protected":false},"author":3,"featured_media":0,"comment_status":"closed","ping_status":"closed","sticky":false,"template":"","format":"standard","meta":{"_custom_body_class":"","_custom_post_class":"","footnotes":""},"categories":[15],"tags":[],"class_list":["post-3518","post","type-post","status-publish","format-standard","hentry","category-news"],"_links":{"self":[{"href":"https:\/\/badminton.square7.ch\/demo\/wp-json\/wp\/v2\/posts\/3518","targetHints":{"allow":["GET"]}}],"collection":[{"href":"https:\/\/badminton.square7.ch\/demo\/wp-json\/wp\/v2\/posts"}],"about":[{"href":"https:\/\/badminton.square7.ch\/demo\/wp-json\/wp\/v2\/types\/post"}],"author":[{"embeddable":true,"href":"https:\/\/badminton.square7.ch\/demo\/wp-json\/wp\/v2\/users\/3"}],"replies":[{"embeddable":true,"href":"https:\/\/badminton.square7.ch\/demo\/wp-json\/wp\/v2\/comments?post=3518"}],"version-history":[{"count":3,"href":"https:\/\/badminton.square7.ch\/demo\/wp-json\/wp\/v2\/posts\/3518\/revisions"}],"predecessor-version":[{"id":3521,"href":"https:\/\/badminton.square7.ch\/demo\/wp-json\/wp\/v2\/posts\/3518\/revisions\/3521"}],"wp:attachment":[{"href":"https:\/\/badminton.square7.ch\/demo\/wp-json\/wp\/v2\/media?parent=3518"}],"wp:term":[{"taxonomy":"category","embeddable":true,"href":"https:\/\/badminton.square7.ch\/demo\/wp-json\/wp\/v2\/categories?post=3518"},{"taxonomy":"post_tag","embeddable":true,"href":"https:\/\/badminton.square7.ch\/demo\/wp-json\/wp\/v2\/tags?post=3518"}],"curies":[{"name":"wp","href":"https:\/\/api.w.org\/{rel}","templated":true}]}}