{"id":3455,"date":"2019-04-05T16:42:18","date_gmt":"2019-04-05T14:42:18","guid":{"rendered":"http:\/\/badminton.square7.ch\/demo\/?p=3455"},"modified":"2019-04-05T16:55:55","modified_gmt":"2019-04-05T14:55:55","slug":"1-rrl-u13-u17-u19-am-30-03-2018-in-bautzen","status":"publish","type":"post","link":"https:\/\/badminton.square7.ch\/demo\/1-rrl-u13-u17-u19-am-30-03-2018-in-bautzen\/","title":{"rendered":"1. RRL U13\/U17\/U19 am 30.03.2018 in Bautzen"},"content":{"rendered":"<p><a href=\"https:\/\/photos.google.com\/share\/AF1QipO1sf0nMTh47TH3vaNrjXLBBfaODxx52BSBClKJbs5wShIzWCdg5x3XAPJ4yTXYfA?key=djM3ZGVSZUNwY0NFQVh5RS1IMDRXZ1NMU0E5am9n\" target=\"_blank\" rel=\"noopener noreferrer\"><img fetchpriority=\"high\" decoding=\"async\" class=\"alignleft size-medium wp-image-3456\" style=\"border-style: solid;\" src=\"http:\/\/badminton.square7.ch\/demo\/wp-content\/uploads\/P1200052-300x225.jpg\" alt=\"\" width=\"300\" height=\"225\" srcset=\"https:\/\/badminton.square7.ch\/demo\/wp-content\/uploads\/P1200052-300x225.jpg 300w, https:\/\/badminton.square7.ch\/demo\/wp-content\/uploads\/P1200052-768x576.jpg 768w, https:\/\/badminton.square7.ch\/demo\/wp-content\/uploads\/P1200052-800x600.jpg 800w\" sizes=\"(max-width: 300px) 100vw, 300px\" \/><\/a><span style=\"font-family: georgia, palatino, serif; font-size: 16px;\">Die erste Regionalrangliste der neuen Saison fand am 30.03.2019 in Bautzen statt.<\/span><br \/>\n<span style=\"font-family: georgia, palatino, serif; font-size: 16px;\">Seit langem wurde auch wieder in der Altersklasse U17 gespielt.<\/span><br \/>\n<span style=\"font-family: georgia, palatino, serif; font-size: 16px;\">Ich pers\u00f6nlich sehe diese Entscheidung als sehr positiv an.<\/span><br \/>\n<span style=\"font-family: georgia, palatino, serif; font-size: 16px;\">Der \u00dcbergang von der AK U15 gleich in die AK U19 ist doch sehr gravierend.<\/span><br \/>\n<span style=\"font-family: georgia, palatino, serif; font-size: 16px;\">Unser Verein wurde durch &nbsp;Pascal Louis Riedel<span id=\"5008\" class=\"entry\"> JE U13,<br \/>\nRhianna Putschke ME U13, Laura Vater ME U17,<br \/>\nRobin Reichel JE U17&nbsp; sowie Erik Putschke HE U19 und<br \/>\nRosalin Reichel DE U19 vertreten.<br \/>\nDie &#8222;Reichels&#8220; waren sehr erfolgreich. Robin belegte im JE einen ausgezeichneten 2. Platz. Rosalin setzte sich klar in der U19 als Siegerin durch.<\/span><\/span><\/p>\n<p><span style=\"font-family: georgia, palatino, serif; font-size: 16px;\">Eine gro\u00dfe (positive) \u00dcberraschung gelangen Robin und Laura im Mixed U17. Wenn auch \u00e4usserst knapp<\/span><br \/>\n<span style=\"font-family: georgia, palatino, serif; font-size: 16px;\">(mit einem Spielpunkt ) gewannen sie die Konkurrenz. Super !<\/span><br \/>\n<span style=\"font-family: georgia, palatino, serif; font-size: 16px;\">Der 3. Platz von Erik im HE U19 und ein geteilter 3. Platz von Robin und Rosa<\/span><br \/>\n<span style=\"font-family: georgia, palatino, serif; font-size: 16px;\">komplettierte die sehr gute Vostellung unserer Sportler. Weiter so!<\/span><br \/>\n<span id=\"5008\" class=\"entry\"><span style=\"font-family: georgia, palatino, serif; font-size: 16px;\"><br \/>\nEinen ausf\u00fchrlichen Bericht findet ihr auf der RVO-Homepage:&nbsp;&nbsp;&nbsp;&nbsp; <a href=\"http:\/\/rvo.bvsachsen.de\/index.php\/14-beitraege\/222-2019-03-30-rrlu13u17u19-1\" target=\"_blank\" rel=\"noopener noreferrer\">[click here]<\/a><\/span><br \/>\n<\/span><\/p>\n","protected":false},"excerpt":{"rendered":"<p>Die erste Regionalrangliste der neuen Saison fand am 30.03.2019 in Bautzen statt. Seit langem wurde auch wieder in der Altersklasse U17 gespielt. Ich pers\u00f6nlich sehe diese Entscheidung als sehr positiv [&hellip;]<\/p>\n","protected":false},"author":3,"featured_media":0,"comment_status":"closed","ping_status":"closed","sticky":false,"template":"","format":"standard","meta":{"_custom_body_class":"","_custom_post_class":"","footnotes":""},"categories":[12],"tags":[],"class_list":["post-3455","post","type-post","status-publish","format-standard","hentry","category-regionalranglisten"],"_links":{"self":[{"href":"https:\/\/badminton.square7.ch\/demo\/wp-json\/wp\/v2\/posts\/3455","targetHints":{"allow":["GET"]}}],"collection":[{"href":"https:\/\/badminton.square7.ch\/demo\/wp-json\/wp\/v2\/posts"}],"about":[{"href":"https:\/\/badminton.square7.ch\/demo\/wp-json\/wp\/v2\/types\/post"}],"author":[{"embeddable":true,"href":"https:\/\/badminton.square7.ch\/demo\/wp-json\/wp\/v2\/users\/3"}],"replies":[{"embeddable":true,"href":"https:\/\/badminton.square7.ch\/demo\/wp-json\/wp\/v2\/comments?post=3455"}],"version-history":[{"count":6,"href":"https:\/\/badminton.square7.ch\/demo\/wp-json\/wp\/v2\/posts\/3455\/revisions"}],"predecessor-version":[{"id":3463,"href":"https:\/\/badminton.square7.ch\/demo\/wp-json\/wp\/v2\/posts\/3455\/revisions\/3463"}],"wp:attachment":[{"href":"https:\/\/badminton.square7.ch\/demo\/wp-json\/wp\/v2\/media?parent=3455"}],"wp:term":[{"taxonomy":"category","embeddable":true,"href":"https:\/\/badminton.square7.ch\/demo\/wp-json\/wp\/v2\/categories?post=3455"},{"taxonomy":"post_tag","embeddable":true,"href":"https:\/\/badminton.square7.ch\/demo\/wp-json\/wp\/v2\/tags?post=3455"}],"curies":[{"name":"wp","href":"https:\/\/api.w.org\/{rel}","templated":true}]}}