{"id":3250,"date":"2018-09-19T16:37:06","date_gmt":"2018-09-19T14:37:06","guid":{"rendered":"http:\/\/badminton.square7.ch\/demo\/?p=3250"},"modified":"2018-09-19T20:50:13","modified_gmt":"2018-09-19T18:50:13","slug":"tolle-leistungen-unserer-teilnehmer-an-den-rem-u9-u19-am-15-09-2018-in-zittau","status":"publish","type":"post","link":"https:\/\/badminton.square7.ch\/demo\/tolle-leistungen-unserer-teilnehmer-an-den-rem-u9-u19-am-15-09-2018-in-zittau\/","title":{"rendered":"Tolle Leistungen unserer Teilnehmer an den REM U9-U19 am 15.09.2018 in Zittau"},"content":{"rendered":"<p><span style=\"font-family: georgia, palatino, serif; font-size: 16px;\"><a href=\"https:\/\/photos.app.goo.gl\/erXw4xYo32FGjYWa7\"><img fetchpriority=\"high\" decoding=\"async\" class=\"alignleft wp-image-3256\" src=\"http:\/\/badminton.square7.ch\/demo\/wp-content\/uploads\/IMG_5404-1-800x534.jpg\" alt=\"\" width=\"400\" height=\"267\" srcset=\"https:\/\/badminton.square7.ch\/demo\/wp-content\/uploads\/IMG_5404-1.jpg 800w, https:\/\/badminton.square7.ch\/demo\/wp-content\/uploads\/IMG_5404-1-300x200.jpg 300w, https:\/\/badminton.square7.ch\/demo\/wp-content\/uploads\/IMG_5404-1-768x513.jpg 768w\" sizes=\"(max-width: 400px) 100vw, 400px\" \/><\/a> <\/span><\/p>\n<p><span style=\"font-family: georgia, palatino, serif; font-size: 16px;\">Am 15. September fand in Zittau der H\u00f6hepunkt der Saison f\u00fcr die Kinder und Jugend statt.<\/span><br \/>\n<span style=\"font-family: georgia, palatino, serif; font-size: 16px;\">Die Regionaleinzelmeisterschaften in den Altersklassen U9-U19 waren auch f\u00fcr die G\u00f6rlitzer Teilnehmer <strong>das<\/strong> Highlight. Immerhin 68 SpielerInnen aus 5 Vereinen k\u00e4mpften um die begeehrten Medaillen.<\/span><\/p>\n<p><span style=\"font-family: georgia, palatino, serif; font-size: 16px;\">Unser Team reiste mit gro\u00dfen Erwartungen nach Zittau, welche sich auch<\/span><br \/>\n<span style=\"font-family: georgia, palatino, serif; font-size: 16px;\">erf\u00fcllen sollten.<\/span><br \/>\n<span style=\"font-family: georgia, palatino, serif; font-size: 16px;\">Hier die Einzelplatzierungen unserer M\u00e4dels und Jungs.<\/span><\/p>\n<p>&nbsp;<\/p>\n<table class=\"alignright\" style=\"height: 431px; width: 45.6911%; border-collapse: collapse;\" border=\"1\">\n<tbody>\n<tr style=\"height: 24px;\">\n<td style=\"width: 23.1455%; height: 48px;\" rowspan=\"2\"><span style=\"font-family: georgia, palatino, serif; font-size: 16px;\"><strong>ME U11:<\/strong><\/span><\/td>\n<td style=\"width: 69.2644%; height: 24px;\"><span style=\"font-family: georgia, palatino, serif; font-size: 16px; color: #ffa200;\">3.Platz: Rhiana Putschke<\/span><\/td>\n<\/tr>\n<tr style=\"height: 24px;\">\n<td style=\"width: 69.2644%; height: 24px;\"><span style=\"font-family: georgia, palatino, serif; font-size: 16px;\">5. Platz: Hannah Zahn<\/span><\/td>\n<\/tr>\n<tr style=\"height: 24px;\">\n<td style=\"width: 23.1455%; height: 24px;\"><span style=\"font-family: georgia, palatino, serif; font-size: 16px;\"><strong>MD U11<\/strong><strong><br \/>\n<\/strong><\/span><\/td>\n<td style=\"width: 69.2644%; height: 24px;\"><span style=\"color: #ffff99; font-family: georgia, palatino, serif; font-size: 16px;\">1.Platz: Putschke\/Zahn<\/span><\/td>\n<\/tr>\n<tr style=\"height: 24px;\">\n<td style=\"width: 23.1455%; height: 48px;\" rowspan=\"2\"><span style=\"font-family: georgia, palatino, serif; font-size: 16px;\"><strong>ME U15<\/strong><\/span><\/td>\n<td style=\"width: 69.2644%; height: 24px;\"><span style=\"font-family: georgia, palatino, serif; font-size: 16px;\">4.Platz: Laura Vater<\/span><\/td>\n<\/tr>\n<tr style=\"height: 24px;\">\n<td style=\"width: 69.2644%; height: 24px;\"><span style=\"font-family: georgia, palatino, serif; font-size: 16px;\">5.Platz: Frederike Lyko<\/span><\/td>\n<\/tr>\n<tr style=\"height: 24px;\">\n<td style=\"width: 23.1455%; height: 24px;\"><span style=\"font-family: georgia, palatino, serif; font-size: 16px;\"><strong>JE U15<\/strong><\/span><\/td>\n<td style=\"width: 69.2644%; height: 24px;\"><span style=\"color: #ffa200; font-family: georgia, palatino, serif; font-size: 16px;\">3.Platz: Lenz Liebig<\/span><\/td>\n<\/tr>\n<tr style=\"height: 24px;\">\n<td style=\"width: 23.1455%; height: 24px;\"><span style=\"font-family: georgia, palatino, serif; font-size: 16px;\"><strong>MD U15<br \/>\n<\/strong><\/span><\/td>\n<td style=\"width: 69.2644%; height: 24px;\"><span style=\"color: #ffa200; font-family: georgia, palatino, serif; font-size: 16px;\"><span style=\"color: #ffff99;\">1. Platz: Lyko\/Vater<\/span><br \/>\n<\/span><\/td>\n<\/tr>\n<tr style=\"height: 24px;\">\n<td style=\"width: 23.1455%; height: 24px;\"><span style=\"font-family: georgia, palatino, serif; font-size: 16px;\"><strong>MX U15<br \/>\n<\/strong><\/span><\/td>\n<td style=\"width: 69.2644%; height: 24px;\"><span style=\"color: #ffa200; font-family: georgia, palatino, serif; font-size: 16px;\"><span style=\"color: #ffd000;\"><span style=\"color: #ffa200;\">3. Platz: Liebig\/Vater<\/span><br \/>\n<\/span><\/span><\/td>\n<\/tr>\n<tr style=\"height: 24px;\">\n<td style=\"width: 23.1455%; height: 48px;\" rowspan=\"2\"><span style=\"font-family: georgia, palatino, serif; font-size: 16px;\"><strong>JE U17<\/strong><\/span><\/td>\n<td style=\"width: 69.2644%; height: 24px;\"><span style=\"color: #ffa200; font-family: georgia, palatino, serif; font-size: 16px;\">3. Platz: Robin Reichel<\/span><\/td>\n<\/tr>\n<tr style=\"height: 24px;\">\n<td style=\"width: 69.2644%; height: 24px;\"><span style=\"font-family: georgia, palatino, serif; font-size: 16px;\">6. Platz: Lennart Wolf<\/span><\/td>\n<\/tr>\n<tr style=\"height: 24px;\">\n<td style=\"width: 23.1455%; height: 24px;\"><span style=\"font-family: georgia, palatino, serif; font-size: 16px;\"><strong>ME U17<\/strong><\/span><\/td>\n<td style=\"width: 69.2644%; height: 24px;\"><span style=\"color: #ffff99; font-family: georgia, palatino, serif; font-size: 16px;\">1.Platz : Rosalin Reichel<\/span><\/td>\n<\/tr>\n<tr style=\"height: 24px;\">\n<td style=\"width: 23.1455%; height: 24px;\"><span style=\"font-family: georgia, palatino, serif; font-size: 16px;\"><strong>MD U17<br \/>\n<\/strong><\/span><\/td>\n<td style=\"width: 69.2644%; height: 24px;\"><span style=\"color: #ededdf; font-family: georgia, palatino, serif; font-size: 16px;\">2. Platz: Reichel\/Paulsen<\/span><\/td>\n<\/tr>\n<tr style=\"height: 24px;\">\n<td style=\"width: 23.1455%; height: 24px;\"><span style=\"font-family: georgia, palatino, serif; font-size: 16px;\"><strong>MX U17<br \/>\n<\/strong><\/span><\/td>\n<td style=\"width: 69.2644%; height: 24px;\"><span style=\"color: #d1c5c5; font-family: georgia, palatino, serif; font-size: 16px;\"><span style=\"color: #ffa200;\">3. Platz: Reichel\/Lyko<\/span><br \/>\n<\/span><\/td>\n<\/tr>\n<tr style=\"height: 24px;\">\n<td style=\"width: 23.1455%; height: 24px;\"><span style=\"font-family: georgia, palatino, serif; font-size: 16px;\"><strong><span style=\"color: #000000;\">HE U19<\/span><\/strong><\/span><\/td>\n<td style=\"width: 69.2644%; height: 24px;\"><span style=\"color: #ffd000; font-family: georgia, palatino, serif; font-size: 16px;\"><span style=\"color: #ffff99;\">1.Platz : Daniel Menzel<\/span><br \/>\n<\/span><\/td>\n<\/tr>\n<tr style=\"height: 24px;\">\n<td style=\"width: 23.1455%; height: 24px;\"><span style=\"font-family: georgia, palatino, serif; font-size: 16px;\"><strong>MX U19<\/strong><\/span><\/td>\n<td style=\"width: 69.2644%; height: 24px;\"><span style=\"color: #ffff99; font-family: georgia, palatino, serif; font-size: 16px;\">1. Platz: Menzel\/Reichel<\/span><\/td>\n<\/tr>\n<tr style=\"height: 24px;\">\n<td style=\"width: 23.1455%; height: 24px;\"><span style=\"font-family: georgia, palatino, serif; font-size: 16px;\"><strong>HD U19<\/strong><\/span><\/td>\n<td style=\"width: 69.2644%; height: 24px;\"><span style=\"color: #ededdf; font-family: georgia, palatino, serif; font-size: 16px;\">2.Platz: Menzel\/Wolf<\/span><\/td>\n<\/tr>\n<\/tbody>\n<\/table>\n<p>&nbsp;<\/p>\n<p>&nbsp;<\/p>\n<p>&nbsp;<\/p>\n<p>&nbsp;<\/p>\n<p>&nbsp;<\/p>\n<p>&nbsp;<\/p>\n<p><span style=\"color: #ebdfdf;\"><a style=\"color: #ebdfdf;\" href=\"https:\/\/photos.app.goo.gl\/erXw4xYo32FGjYWa7\"><img decoding=\"async\" class=\"alignnone wp-image-3259\" src=\"http:\/\/badminton.square7.ch\/demo\/wp-content\/uploads\/IMG_5396-300x200.jpg\" alt=\"\" width=\"400\" height=\"267\" srcset=\"https:\/\/badminton.square7.ch\/demo\/wp-content\/uploads\/IMG_5396-300x200.jpg 300w, https:\/\/badminton.square7.ch\/demo\/wp-content\/uploads\/IMG_5396-768x512.jpg 768w, https:\/\/badminton.square7.ch\/demo\/wp-content\/uploads\/IMG_5396.jpg 800w\" sizes=\"(max-width: 400px) 100vw, 400px\" \/><\/a><\/span><\/p>\n<p><span style=\"font-family: georgia, palatino, serif; font-size: 16px;\">Gl\u00fcckwunsch an alle !! Ihr habt den 1. BV G\u00f6rlitz w\u00fcrdig vertreten. <\/span><br \/>\n<span style=\"font-family: georgia, palatino, serif; font-size: 16px;\">Dani, als erfolgreichster Starter &#8230;.. na ja, Hunger und Durst haben alle, gaaaanz sicher. \ud83d\ude06\u00a0 \ud83d\ude06\u00a0<\/span><br \/>\n<span style=\"font-family: georgia, palatino, serif; font-size: 16px;\"><br \/>\nEinen ausf\u00fchrlichen Bericht des Veranstalters findet ihr hier:\u00a0\u00a0\u00a0<a href=\"http:\/\/rvo.bvsachsen.de\/index.php\/beitraege-berichte\/216-2018-09-15-rem-zittau\" target=\"_blank\" rel=\"noopener\"> [click]<\/a><\/span><br \/>\n<span style=\"font-family: georgia, palatino, serif; font-size: 16px;\">Zur Bildergalerie gelangt ihr durch klick auf ein Bild oder hier:\u00a0<a href=\"https:\/\/photos.app.goo.gl\/erXw4xYo32FGjYWa7\" target=\"_blank\" rel=\"noopener\"> [click]<\/a><\/span><\/p>\n","protected":false},"excerpt":{"rendered":"<p>Am 15. September fand in Zittau der H\u00f6hepunkt der Saison f\u00fcr die Kinder und Jugend statt. Die Regionaleinzelmeisterschaften in den Altersklassen U9-U19 waren auch f\u00fcr die G\u00f6rlitzer Teilnehmer das Highlight. [&hellip;]<\/p>\n","protected":false},"author":3,"featured_media":0,"comment_status":"closed","ping_status":"closed","sticky":false,"template":"","format":"standard","meta":{"_custom_body_class":"","_custom_post_class":"","footnotes":""},"categories":[1,12],"tags":[],"class_list":["post-3250","post","type-post","status-publish","format-standard","hentry","category-allgemein","category-regionalranglisten"],"_links":{"self":[{"href":"https:\/\/badminton.square7.ch\/demo\/wp-json\/wp\/v2\/posts\/3250","targetHints":{"allow":["GET"]}}],"collection":[{"href":"https:\/\/badminton.square7.ch\/demo\/wp-json\/wp\/v2\/posts"}],"about":[{"href":"https:\/\/badminton.square7.ch\/demo\/wp-json\/wp\/v2\/types\/post"}],"author":[{"embeddable":true,"href":"https:\/\/badminton.square7.ch\/demo\/wp-json\/wp\/v2\/users\/3"}],"replies":[{"embeddable":true,"href":"https:\/\/badminton.square7.ch\/demo\/wp-json\/wp\/v2\/comments?post=3250"}],"version-history":[{"count":24,"href":"https:\/\/badminton.square7.ch\/demo\/wp-json\/wp\/v2\/posts\/3250\/revisions"}],"predecessor-version":[{"id":3281,"href":"https:\/\/badminton.square7.ch\/demo\/wp-json\/wp\/v2\/posts\/3250\/revisions\/3281"}],"wp:attachment":[{"href":"https:\/\/badminton.square7.ch\/demo\/wp-json\/wp\/v2\/media?parent=3250"}],"wp:term":[{"taxonomy":"category","embeddable":true,"href":"https:\/\/badminton.square7.ch\/demo\/wp-json\/wp\/v2\/categories?post=3250"},{"taxonomy":"post_tag","embeddable":true,"href":"https:\/\/badminton.square7.ch\/demo\/wp-json\/wp\/v2\/tags?post=3250"}],"curies":[{"name":"wp","href":"https:\/\/api.w.org\/{rel}","templated":true}]}}