{"id":3230,"date":"2018-09-04T13:13:04","date_gmt":"2018-09-04T11:13:04","guid":{"rendered":"http:\/\/badminton.square7.ch\/demo\/?p=3230"},"modified":"2018-09-04T13:53:22","modified_gmt":"2018-09-04T11:53:22","slug":"3-rrl-u11-u15-am-18-08-2018-in-grossschoenau","status":"publish","type":"post","link":"https:\/\/badminton.square7.ch\/demo\/3-rrl-u11-u15-am-18-08-2018-in-grossschoenau\/","title":{"rendered":"3. RRL U11\/U15 am 18.08.2018 in Gro\u00dfsch\u00f6nau"},"content":{"rendered":"<p><a href=\"http:\/\/badminton.square7.ch\/demo\/wp-content\/uploads\/laura-und-Friedel.jpg\"><img fetchpriority=\"high\" decoding=\"async\" class=\"alignleft wp-image-3231 size-large\" src=\"http:\/\/badminton.square7.ch\/demo\/wp-content\/uploads\/laura-und-Friedel-344x600.jpg\" alt=\"\" width=\"344\" height=\"600\" srcset=\"https:\/\/badminton.square7.ch\/demo\/wp-content\/uploads\/laura-und-Friedel-344x600.jpg 344w, https:\/\/badminton.square7.ch\/demo\/wp-content\/uploads\/laura-und-Friedel-172x300.jpg 172w, https:\/\/badminton.square7.ch\/demo\/wp-content\/uploads\/laura-und-Friedel.jpg 412w\" sizes=\"(max-width: 344px) 100vw, 344px\" \/><\/a><span style=\"font-family: georgia, palatino, serif; font-size: 16px;\">Am 18.August startete nach den Ferien f\u00fcr alle Badmintonspieler<\/span><br \/>\n<span style=\"font-family: georgia, palatino, serif; font-size: 16px;\">in der Oberlausitz die Ranglisten- und vor allem die neue Punktspielsaison<\/span><\/p>\n<p><span style=\"font-family: georgia, palatino, serif; font-size: 16px;\">Den 1. BV G\u00f6rlitz vertraten in Gro\u00dfsch\u00f6nau Frederieke Lyko und Laura Vater.<\/span><br \/>\n<span style=\"font-family: georgia, palatino, serif; font-size: 16px;\">Unsere M\u00e4dels machten ihre Sache gut.<\/span><\/p>\n<p><span style=\"font-family: georgia, palatino, serif; font-size: 16px;\">Laura gewann ihr Erstrundenmatch gegen Laurien Schneider aus Gro\u00dfsch\u00f6nau klar<\/span><br \/>\n<span style=\"font-family: georgia, palatino, serif; font-size: 16px;\">mit 21:14 und 21:7<\/span><br \/>\n<span style=\"font-family: georgia, palatino, serif; font-size: 16px;\">Wesentlich mehr zu k\u00e4mpfen hatte Friedel, die sich nach einer ganz starken<\/span><br \/>\n<span style=\"font-family: georgia, palatino, serif; font-size: 16px;\">k\u00e4mpferischen Leistung gegen Alia Quarte in 3 S\u00e4tzen (17:21, 21:13 und 21:19) durchsetzte.<\/span><\/p>\n<p><span style=\"font-family: georgia, palatino, serif; font-size: 16px;\">Leider verloren Friedel und Laura die Halbfinals gegen die favorisierten<br \/>\nHelena Kr\u00fcger (Zittau) <\/span><span style=\"font-family: georgia, palatino, serif; font-size: 16px;\">und Sophie Wagner (Gro\u00dfsch\u00f6nau).<\/span><\/p>\n<p><span style=\"font-family: georgia, palatino, serif; font-size: 16px;\">Nun ging es in die Trostrunde, denn immerhin war der 3. Platz noch in Reichweite.<br \/>\nHier \u00fcberraschte <\/span><span style=\"font-family: georgia, palatino, serif; font-size: 16px;\">Laura mit einem Sieg gegen die an Nr. 2 gesetzte Gina R\u00e4tze aus Sohland. Wow !!<br \/>\nAuch Friedel <\/span><span style=\"font-family: georgia, palatino, serif; font-size: 16px;\">gewann ihr Spiel klar gegen Laurin Schneider.<\/span><\/p>\n<p><span style=\"font-family: georgia, palatino, serif; font-size: 16px;\">So kam es zum &#8222;G\u00f6rlitzer Showdown&#8220; im Spiel um Platz 3.<br \/>\nFriedel konnte sich\u00a0 nach tollem Spiel <\/span><span style=\"font-family: georgia, palatino, serif; font-size: 16px;\">gegen Laura mit 21:15 und 21:18 durchsetzen.<br \/>\n<\/span><\/p>\n<p><span style=\"font-family: georgia, palatino, serif; font-size: 16px;\">Die Doppelkonkurrenz war schon ungew\u00f6hnlich.<br \/>\n3 total ausgeglichene M\u00e4dchendoppel k\u00e4mpften <\/span><span style=\"font-family: georgia, palatino, serif; font-size: 16px;\">im Gruppensystem<br \/>\n&#8222;Jeder gegen jeden&#8220; um den Sieg. Alle Doppel gewannen und verloren jeweils<\/span><br \/>\n<span style=\"font-family: georgia, palatino, serif; font-size: 16px;\">1. Spiel, und so musste das Satzverh\u00e4ltnis entscheiden.<br \/>\nLeider gewannen Friedel und Laura &#8222;nur&#8220; <\/span><span style=\"font-family: georgia, palatino, serif; font-size: 16px;\">2. S\u00e4tze, und belegten den 3. Platz.<\/span><\/p>\n<p><span style=\"font-family: georgia, palatino, serif; font-size: 16px;\">M\u00e4dels, ihr habt den 1. BV G\u00f6rlitz prima vertreten. Gl\u00fcckwunsch !! Weiter so.<\/span><\/p>\n<p><a href=\"http:\/\/rvo.bvsachsen.de\/index.php\/14-beitraege\/214-2018-08-18-rrl-u11-u15-grs\" target=\"_blank\" rel=\"noopener\"><span style=\"font-family: georgia, palatino, serif; font-size: 16px;\"><strong><span style=\"text-decoration: underline;\">Ausf\u00fchrlichen Beitrag findet ihr hier<\/span><\/strong><\/span><\/a><\/p>\n","protected":false},"excerpt":{"rendered":"<p>Am 18.August startete nach den Ferien f\u00fcr alle Badmintonspieler in der Oberlausitz die Ranglisten- und vor allem die neue Punktspielsaison Den 1. BV G\u00f6rlitz vertraten in Gro\u00dfsch\u00f6nau Frederieke Lyko und [&hellip;]<\/p>\n","protected":false},"author":3,"featured_media":0,"comment_status":"closed","ping_status":"closed","sticky":false,"template":"","format":"standard","meta":{"_custom_body_class":"","_custom_post_class":"","footnotes":""},"categories":[12],"tags":[],"class_list":["post-3230","post","type-post","status-publish","format-standard","hentry","category-regionalranglisten"],"_links":{"self":[{"href":"https:\/\/badminton.square7.ch\/demo\/wp-json\/wp\/v2\/posts\/3230","targetHints":{"allow":["GET"]}}],"collection":[{"href":"https:\/\/badminton.square7.ch\/demo\/wp-json\/wp\/v2\/posts"}],"about":[{"href":"https:\/\/badminton.square7.ch\/demo\/wp-json\/wp\/v2\/types\/post"}],"author":[{"embeddable":true,"href":"https:\/\/badminton.square7.ch\/demo\/wp-json\/wp\/v2\/users\/3"}],"replies":[{"embeddable":true,"href":"https:\/\/badminton.square7.ch\/demo\/wp-json\/wp\/v2\/comments?post=3230"}],"version-history":[{"count":8,"href":"https:\/\/badminton.square7.ch\/demo\/wp-json\/wp\/v2\/posts\/3230\/revisions"}],"predecessor-version":[{"id":3239,"href":"https:\/\/badminton.square7.ch\/demo\/wp-json\/wp\/v2\/posts\/3230\/revisions\/3239"}],"wp:attachment":[{"href":"https:\/\/badminton.square7.ch\/demo\/wp-json\/wp\/v2\/media?parent=3230"}],"wp:term":[{"taxonomy":"category","embeddable":true,"href":"https:\/\/badminton.square7.ch\/demo\/wp-json\/wp\/v2\/categories?post=3230"},{"taxonomy":"post_tag","embeddable":true,"href":"https:\/\/badminton.square7.ch\/demo\/wp-json\/wp\/v2\/tags?post=3230"}],"curies":[{"name":"wp","href":"https:\/\/api.w.org\/{rel}","templated":true}]}}