{"id":2709,"date":"2016-08-16T21:44:08","date_gmt":"2016-08-16T19:44:08","guid":{"rendered":"http:\/\/badminton.square7.ch\/demo\/?p=2709"},"modified":"2016-08-17T07:56:07","modified_gmt":"2016-08-17T05:56:07","slug":"saison-20162017-hat-begonnen","status":"publish","type":"post","link":"https:\/\/badminton.square7.ch\/demo\/saison-20162017-hat-begonnen\/","title":{"rendered":"Saison 2016\/2017 hat begonnen"},"content":{"rendered":"<hr \/>\n<p style=\"text-align: center;\"><span style=\"text-decoration: underline;\"><strong><span style=\"color: #008000; font-family: comic sans ms,sans-serif; font-size: 36px; text-decoration: underline;\">Hallo G\u00f6rlitzer Badmintonfreunde<\/span><\/strong><\/span><\/p>\n<p style=\"text-align: left;\"><span style=\"text-decoration: underline;\"><span style=\"font-family: times new roman,times,serif; font-size: 20px; color: #008000; text-decoration: underline;\">Erstmal ein Wort in eigener Sache:<\/span><\/span><\/p>\n<p style=\"text-align: left;\"><span style=\"font-family: times new roman,times,serif; font-size: 20px; color: #008000;\">Vor dem Start in die neue Saison ein Dankesch\u00f6n an alle flei\u00dfigen Helfer, die in der vergangenen Saison den Spielbetrieb durch ihren Einsatz erst m\u00f6glich machten. Besonders erw\u00e4hnenswert seien die SOEM (was f\u00fcr ein Highlight f\u00fcr unseren Verein), die KKuJS sowie die Organisation der Sportmesse in L\u00f6bau in Zusammenarbeit mit allen Vereinen des RVO.<br \/>\nEs ist auch an der Zeit, der Vereinsf\u00fchrung besondere Anerkennung zukommen zu lassen. Die F\u00fclle an &#8222;Papierkram&#8220;, den Karsten als Chef des Ganzen zu bew\u00e4ltigen hat, ist immens, und wird kaum wahrgenommen. Hallenbestellungen, Antr\u00e4ge auf Zusch\u00fcsse, Kommunikation mit amtlichen Stellen sind nur ein Teil der umfangreichen Verwaltungsaufgaben.<br \/>\nDiesen &#8222;Blog&#8220; musste ich mal loswerden, bevor wir in die neue Saison blicken !<\/span><\/p>\n<p style=\"text-align: left;\"><span style=\"color: #008000; font-family: times new roman,times,serif; font-size: 20px;\">Lutz Buchal<\/span><\/p>\n<hr \/>\n<p style=\"text-align: left;\"><span style=\"color: #008000; font-family: comic sans ms,sans-serif; font-size: 20px;\"><span style=\"font-family: times new roman,times,serif;\">Die neue Saison 2016\/2017 hat bereits begonnen. In der n\u00e4chsten Zeit stehen f\u00fcr unsere Kinder- und<br \/>\nJugendlichen sowie nat\u00fcrlich auch f\u00fcr die Aktiven, die \u00fcblichen Aufgaben an.<br \/>\nPunktspiele, Ranglistenturniere und div. andere Events sind terminiert.<br \/>\nEs kommen also umfangreiche Aufgaben auf die Vereinsf\u00fchrung und Mannschaftsleiter zu. Vor allem<br \/>\nim organisatorischen Bereich, wird (wie immer) der <strong>gesamte Verein<\/strong> gefordert sein, die Vereinsf\u00fchrung zu unterst\u00fctzen, um Turniere, Fahrten zu Ranglisten usw. abzusichern.<\/span><\/span><\/p>\n<p><span style=\"color: #008000; font-family: times new roman,times,serif; font-size: 20px;\">Also 1. BV G\u00f6rlitz, auf gehts in die neue Saison !! <\/span><\/p>\n<p><span style=\"color: #008000; font-family: times new roman,times,serif; font-size: 20px;\">Viel Erfolg, bleibt verletzungsfrei, und vor allem, <\/span><span style=\"color: #008000; font-family: times new roman,times,serif; font-size: 20px;\"><strong>habt Spa\u00df !<\/strong><\/span><\/p>\n<p><span style=\"color: #008000;\">\u00a0<\/span><\/p>\n","protected":false},"excerpt":{"rendered":"<p>Hallo G\u00f6rlitzer Badmintonfreunde Erstmal ein Wort in eigener Sache: Vor dem Start in die neue Saison ein Dankesch\u00f6n an alle flei\u00dfigen Helfer, die in der vergangenen Saison den Spielbetrieb durch [&hellip;]<\/p>\n","protected":false},"author":3,"featured_media":0,"comment_status":"closed","ping_status":"closed","sticky":false,"template":"","format":"standard","meta":{"_custom_body_class":"","_custom_post_class":"","footnotes":""},"categories":[1],"tags":[],"class_list":["post-2709","post","type-post","status-publish","format-standard","hentry","category-allgemein"],"_links":{"self":[{"href":"https:\/\/badminton.square7.ch\/demo\/wp-json\/wp\/v2\/posts\/2709","targetHints":{"allow":["GET"]}}],"collection":[{"href":"https:\/\/badminton.square7.ch\/demo\/wp-json\/wp\/v2\/posts"}],"about":[{"href":"https:\/\/badminton.square7.ch\/demo\/wp-json\/wp\/v2\/types\/post"}],"author":[{"embeddable":true,"href":"https:\/\/badminton.square7.ch\/demo\/wp-json\/wp\/v2\/users\/3"}],"replies":[{"embeddable":true,"href":"https:\/\/badminton.square7.ch\/demo\/wp-json\/wp\/v2\/comments?post=2709"}],"version-history":[{"count":11,"href":"https:\/\/badminton.square7.ch\/demo\/wp-json\/wp\/v2\/posts\/2709\/revisions"}],"predecessor-version":[{"id":2727,"href":"https:\/\/badminton.square7.ch\/demo\/wp-json\/wp\/v2\/posts\/2709\/revisions\/2727"}],"wp:attachment":[{"href":"https:\/\/badminton.square7.ch\/demo\/wp-json\/wp\/v2\/media?parent=2709"}],"wp:term":[{"taxonomy":"category","embeddable":true,"href":"https:\/\/badminton.square7.ch\/demo\/wp-json\/wp\/v2\/categories?post=2709"},{"taxonomy":"post_tag","embeddable":true,"href":"https:\/\/badminton.square7.ch\/demo\/wp-json\/wp\/v2\/tags?post=2709"}],"curies":[{"name":"wp","href":"https:\/\/api.w.org\/{rel}","templated":true}]}}