{"id":2358,"date":"2015-09-29T11:04:11","date_gmt":"2015-09-29T09:04:11","guid":{"rendered":"http:\/\/badminton.square7.ch\/demo\/?p=2358"},"modified":"2015-09-29T11:24:40","modified_gmt":"2015-09-29T09:24:40","slug":"regionalrangliste-u09-und-aktiveam-19-09-2015-in-grossschoenau","status":"publish","type":"post","link":"https:\/\/badminton.square7.ch\/demo\/regionalrangliste-u09-und-aktiveam-19-09-2015-in-grossschoenau\/","title":{"rendered":"Regionalrangliste U09 und Aktiveam 19.09.2015 in Gro\u00dfsch\u00f6nau"},"content":{"rendered":"<p dir=\"ltr\"><span style=\"font-family: times new roman,times,serif; font-size: 20px; color: #008000;\">Hallo Sportfreunde des gefiederten Balls\u00a0 in G\u00f6rlitz !<\/span><\/p>\n<p><span style=\"font-family: times new roman,times,serif; font-size: 16px;\">Die neue Saison hat begonnen. Das erste Ereignis war die RRL U09 und Aktive in Gro\u00dfsch\u00f6nau. Nat\u00fcrlich entsendeten wir\u00a0\u00a0\u00a0\u00a0\u00a0 eine (wie sich herausstellte) schlagkr\u00e4ftige Mannschaft.<\/span><br \/>\n<span style=\"font-family: times new roman,times,serif; font-size: 16px;\"> Unser K\u00fcken Rhianna Putschke gewann in der AK U09. Sie war zwar die einzige Starterin, aber was solls, gewonnen ist gewonnen ! Sie <\/span><span style=\"font-family: times new roman,times,serif; font-size: 16px;\">spielte dann bei den Jungs mit, und schlug sich durchaus achtbar.<\/span><\/p>\n<p><span style=\"font-family: times new roman,times,serif; font-size: 16px;\"> Phil Langlotz, Karsten Putschke und Sebastian Menzel vertraten uns im A-Turnier der Herren. Hier ruhten unsere Sieghoffnungen auf Basti. Er spielte sich bis ins Finale und unterlag denkbar knapp (<span class=\"score\">21-1516-2121-19<\/span>) Florian Bothung aus Zittau. Also 2. Platz . Phil erspielte sich in der Trostrunde den 3. Platz. Karsten musste sein erstes Spiel gleich gegen Florian bestreiten und belegte leztendlich den 5. Platz<br \/>\n<\/span><\/p>\n<p><span style=\"font-family: times new roman,times,serif; font-size: 16px;\">Auch in der AK Herren-B wollten unsere Sportler der Konkurrenz das F\u00fcrchten lehren.<br \/>\nTim Berger, Phillip Schulz und Max Menzel gegen die Erfahrenen\u00a0 (ich vermeide bewusst &#8222;die Alten&#8220;) Haudegen. \ud83d\ude42 Spannende und knappe Spiele Jung gegen Erfahren waren charakteristisch f\u00fcr diese Konkurrenz. Und so kam es auch im Finale zu genau dieser Konstellation. Max Menzel musste gegen Joachim Knei\u00dfner aus Gro\u00dfsch\u00f6nau ran. Mit einem doch relativ klaren Sieg konnte sich Max gegen Achim behaupten. Diesmal hatte die Jugend die Nase vorn. Aber auch &#8222;Hut ab&#8220; vor Achim.<br \/>\nPhillip konnte sich auf der Verliererseite bis ins kleine Finale durchspielen. Hier musste er sich aber im Spiel um Platz 3 Jens B\u00f6hm aus Gro\u00dfsch\u00f6nau geschlagen geben. Nun ja, hier ein Sieg f\u00fcr die Erfahrung&#8230;..<br \/>\nTim spielte leider etwas unter seinen F\u00e4higkeiten, und musste sich mit Rang 9 begn\u00fcgen. Tim, Kopf hoch, wir wissen, du kannst es besser !<br \/>\n<\/span><\/p>\n<p><span style=\"font-family: times new roman,times,serif; font-size: 16px;\">Leider konnten wir die Damenkonkurrenz nich besetzen, aber hier sind unsere Ressourcen leider begrenzt.<\/span><br \/>\n<span style=\"font-family: times new roman,times,serif; font-size: 16px;\"> Ich denke, unsere Vertreter haben sich wacker geschlagen, dazu<\/span><\/p>\n<p><span style=\"color: #ff0000;\"><strong><span style=\"font-family: comic sans ms,sans-serif; font-size: 32px;\">Gl\u00fcckwusch Jungs und M\u00e4dels, gut gemacht !<\/span><\/strong><\/span><\/p>\n<p><span style=\"font-family: times new roman,times,serif; font-size: 16px;\">Hier noch die Links zu der Bildergalerie und den kompletten Ergebnissen bei KROTON.<\/span><\/p>\n<p style=\"padding-left: 180px;\"><span style=\"font-family: times new roman,times,serif; font-size: 16px;\">Bildergalerie:\u00a0\u00a0\u00a0\u00a0\u00a0\u00a0\u00a0\u00a0\u00a0 <a href=\"http:\/\/www.rvo.bvsachsen.de\/index.php\/component\/phocagallery\/69-2015-09-19RRL-U9-Aktive-GRS\/detail\/3109-2015-09-19RRL-U9-Aktive-GRS?tmpl=component&amp;Itemid=0\" target=\"_blank\"> [click hier]<\/a><br \/>\nErgebnisse:\u00a0\u00a0\u00a0\u00a0\u00a0\u00a0\u00a0\u00a0\u00a0\u00a0\u00a0\u00a0 <a href=\"http:\/\/turnier.de\/sport\/tournament.aspx?id=B362813D-B254-4B0F-BFAE-71072027DC9E\" target=\"_blank\">[click hier]<\/a><\/span><\/p>\n","protected":false},"excerpt":{"rendered":"<p>Hallo Sportfreunde des gefiederten Balls\u00a0 in G\u00f6rlitz ! Die neue Saison hat begonnen. Das erste Ereignis war die RRL U09 und Aktive in Gro\u00dfsch\u00f6nau. Nat\u00fcrlich entsendeten wir\u00a0\u00a0\u00a0\u00a0\u00a0 eine (wie sich [&hellip;]<\/p>\n","protected":false},"author":3,"featured_media":0,"comment_status":"closed","ping_status":"closed","sticky":false,"template":"","format":"standard","meta":{"_custom_body_class":"","_custom_post_class":"","footnotes":""},"categories":[1],"tags":[],"class_list":["post-2358","post","type-post","status-publish","format-standard","hentry","category-allgemein"],"_links":{"self":[{"href":"https:\/\/badminton.square7.ch\/demo\/wp-json\/wp\/v2\/posts\/2358","targetHints":{"allow":["GET"]}}],"collection":[{"href":"https:\/\/badminton.square7.ch\/demo\/wp-json\/wp\/v2\/posts"}],"about":[{"href":"https:\/\/badminton.square7.ch\/demo\/wp-json\/wp\/v2\/types\/post"}],"author":[{"embeddable":true,"href":"https:\/\/badminton.square7.ch\/demo\/wp-json\/wp\/v2\/users\/3"}],"replies":[{"embeddable":true,"href":"https:\/\/badminton.square7.ch\/demo\/wp-json\/wp\/v2\/comments?post=2358"}],"version-history":[{"count":5,"href":"https:\/\/badminton.square7.ch\/demo\/wp-json\/wp\/v2\/posts\/2358\/revisions"}],"predecessor-version":[{"id":2363,"href":"https:\/\/badminton.square7.ch\/demo\/wp-json\/wp\/v2\/posts\/2358\/revisions\/2363"}],"wp:attachment":[{"href":"https:\/\/badminton.square7.ch\/demo\/wp-json\/wp\/v2\/media?parent=2358"}],"wp:term":[{"taxonomy":"category","embeddable":true,"href":"https:\/\/badminton.square7.ch\/demo\/wp-json\/wp\/v2\/categories?post=2358"},{"taxonomy":"post_tag","embeddable":true,"href":"https:\/\/badminton.square7.ch\/demo\/wp-json\/wp\/v2\/tags?post=2358"}],"curies":[{"name":"wp","href":"https:\/\/api.w.org\/{rel}","templated":true}]}}