{"id":2338,"date":"2015-08-18T18:02:45","date_gmt":"2015-08-18T16:02:45","guid":{"rendered":"http:\/\/badminton.square7.ch\/demo\/?p=2338"},"modified":"2015-08-18T18:02:45","modified_gmt":"2015-08-18T16:02:45","slug":"saison-20152016-steht-nun-bevor","status":"publish","type":"post","link":"https:\/\/badminton.square7.ch\/demo\/saison-20152016-steht-nun-bevor\/","title":{"rendered":"Saison 2015\/2016 steht nun bevor"},"content":{"rendered":"<p>Nachdem die Ferien zu Ende gehen und die Urlaubszeit f\u00fcr viele vorbei ist, beginnt die Vorbereitung auf die neue Spielsaison. Bereits am<br \/>\n29.08. gehts los mit der 5. SRL U13\/U19\u00a0 2014\/2015\u00a0 in Zwenkau.<br \/>\nNeben den Ranglisten stehen die Punktspielsaison der Aktiven, Kinder- und Jugend (U15, U19) und nat\u00fcrlich die Durchf\u00fchrung der<br \/>\nSOEM im Januar 2016 vor uns. Nur <strong>gemeisam<\/strong> k\u00f6nnen all\u00a0 diese Aufgaben bew\u00e4ltigt werden. Hier sind <strong>alle<\/strong> Vereinsmitglieder gefragt, damit die neue Saison erfolgreich in sportlicher Hinsicht, aber auch aus Vereinssicht ein Erfolg wird. Was ich meine, ist das Bem\u00fchen um<br \/>\nein aktives Vereinsleben auch ausserhalb des Spielbetriebes. Hier ist jede Idee willkommen !! Lasst uns zusammen einfach mal Spa\u00df haben, auch das macht einen Verein aus.<br \/>\nIn diesem Sinne, allen aktiven Spielern einen erfolgreichen Start in die neue Saison, kommt verletzungsfrei durch und vertretet den<br \/>\n1. BV G\u00f6rlitz w\u00fcrdig und sportlich fair. Nat\u00fcrlich auch unseren Volkssportler viel Spa\u00df und keine Verletzungen !<\/p>\n<div id=\"attachment_2340\" style=\"width: 309px\" class=\"wp-caption alignnone\"><img fetchpriority=\"high\" decoding=\"async\" aria-describedby=\"caption-attachment-2340\" class=\"  wp-image-2340\" src=\"http:\/\/badminton.square7.ch\/demo\/wp-content\/uploads\/badmintonner208.gif\" alt=\"badmintonner208\" width=\"299\" height=\"272\" \/><p id=\"caption-attachment-2340\" class=\"wp-caption-text\">Und immer dran denken ! In der Ruhe liegt die Kraft<\/p><\/div>\n<p>Lutz Buchal<br \/>\nWebmaster 1. BV G\u00f6rlitz<\/p>\n","protected":false},"excerpt":{"rendered":"<p>Nachdem die Ferien zu Ende gehen und die Urlaubszeit f\u00fcr viele vorbei ist, beginnt die Vorbereitung auf die neue Spielsaison. Bereits am 29.08. gehts los mit der 5. SRL U13\/U19\u00a0 [&hellip;]<\/p>\n","protected":false},"author":3,"featured_media":0,"comment_status":"closed","ping_status":"closed","sticky":false,"template":"","format":"standard","meta":{"_custom_body_class":"","_custom_post_class":"","footnotes":""},"categories":[1],"tags":[],"class_list":["post-2338","post","type-post","status-publish","format-standard","hentry","category-allgemein"],"_links":{"self":[{"href":"https:\/\/badminton.square7.ch\/demo\/wp-json\/wp\/v2\/posts\/2338","targetHints":{"allow":["GET"]}}],"collection":[{"href":"https:\/\/badminton.square7.ch\/demo\/wp-json\/wp\/v2\/posts"}],"about":[{"href":"https:\/\/badminton.square7.ch\/demo\/wp-json\/wp\/v2\/types\/post"}],"author":[{"embeddable":true,"href":"https:\/\/badminton.square7.ch\/demo\/wp-json\/wp\/v2\/users\/3"}],"replies":[{"embeddable":true,"href":"https:\/\/badminton.square7.ch\/demo\/wp-json\/wp\/v2\/comments?post=2338"}],"version-history":[{"count":1,"href":"https:\/\/badminton.square7.ch\/demo\/wp-json\/wp\/v2\/posts\/2338\/revisions"}],"predecessor-version":[{"id":2341,"href":"https:\/\/badminton.square7.ch\/demo\/wp-json\/wp\/v2\/posts\/2338\/revisions\/2341"}],"wp:attachment":[{"href":"https:\/\/badminton.square7.ch\/demo\/wp-json\/wp\/v2\/media?parent=2338"}],"wp:term":[{"taxonomy":"category","embeddable":true,"href":"https:\/\/badminton.square7.ch\/demo\/wp-json\/wp\/v2\/categories?post=2338"},{"taxonomy":"post_tag","embeddable":true,"href":"https:\/\/badminton.square7.ch\/demo\/wp-json\/wp\/v2\/tags?post=2338"}],"curies":[{"name":"wp","href":"https:\/\/api.w.org\/{rel}","templated":true}]}}