{"id":2029,"date":"2015-02-28T15:52:25","date_gmt":"2015-02-28T13:52:25","guid":{"rendered":"http:\/\/badminton.square7.ch\/demo\/?p=2029"},"modified":"2015-02-28T15:52:25","modified_gmt":"2015-02-28T13:52:25","slug":"punktspiele-ol-und-jugend-u15-am-21-02-2015-in-goerlitz","status":"publish","type":"post","link":"https:\/\/badminton.square7.ch\/demo\/punktspiele-ol-und-jugend-u15-am-21-02-2015-in-goerlitz\/","title":{"rendered":"Punktspiele OL und Jugend U15 am 21.02.2015 in G\u00f6rlitz"},"content":{"rendered":"<p><span style=\"font-family: times new roman,times; font-size: 16px;\">Leider war es ein Punktspieltag, den man als &#8222;schwarzen Tag&#8220; f\u00fcr unsere Mannschaften bezeichnen mu\u00df.<\/p>\n<p>Die 1. Mannschaft empfing den Rivalen um die Tabellenf\u00fchrung aus Gro\u00dfsch\u00f6nau. Ersatzgeschw\u00e4cht wollte unsere Mannschaft alles geben, um ein<br \/>\nachtbares Ergebnis zu erzielen. Doch sollte nicht sein. Das 1:7 war eine herbe Niederlage im Kampf um die Tabellenspitze. Den Ehrenpukt erzielte<br \/>\nJens Pross im 2. Herreneinzel. Knapp ging es zu im 1.HD, im DE und auch im DD. Im g\u00fcnstigsten Fall w\u00e4re also ein 4:4 m\u00f6glich gewesen.<br \/>\nLeider verletzte sich auch noch Michael so schwer, das er aufgeben musste, und das MX kampflos an Gro\u00dfsch\u00f6nau ging. Wir w\u00fcnschen Michael gute<br \/>\nBesserung.<\/p>\n<p>Unsere U15 stand vor der (fast nicht l\u00f6sbaren) Aufgabe, in den Spielen gegen Bautzen und Gro\u00dfsch\u00f6nau nur 1 Spiel abzugeben, um den Staffelsieg<br \/>\nsicher zu erreichen. Leider gelang das nicht. Trotz eines 7:1 gegen Gro\u00dfsch\u00f6nau und 6:2 Sieg gegen Bautzen reichte es nicht, um die Mannschaft aus<br \/>\nHoyerswerda von Platz 1 zu verdr\u00e4ngen. Nun steht die Teilnahme an den SMM auf der Kippe. <\/span><\/p>\n<p>Erg\u00e4nzung am 28.02.2015 : Hoyerswerda nimmt seine Startberechtigung nicht wahr. Damit ist unsere U15 sicher bei den SMM dabei. Viel Erfolg Euch !<\/p>\n","protected":false},"excerpt":{"rendered":"<p>Leider war es ein Punktspieltag, den man als &#8222;schwarzen Tag&#8220; f\u00fcr unsere Mannschaften bezeichnen mu\u00df. Die 1. Mannschaft empfing den Rivalen um die Tabellenf\u00fchrung aus Gro\u00dfsch\u00f6nau. Ersatzgeschw\u00e4cht wollte unsere Mannschaft [&hellip;]<\/p>\n","protected":false},"author":3,"featured_media":0,"comment_status":"closed","ping_status":"closed","sticky":false,"template":"","format":"standard","meta":{"_custom_body_class":"","_custom_post_class":"","footnotes":""},"categories":[1],"tags":[],"class_list":["post-2029","post","type-post","status-publish","format-standard","hentry","category-allgemein"],"_links":{"self":[{"href":"https:\/\/badminton.square7.ch\/demo\/wp-json\/wp\/v2\/posts\/2029","targetHints":{"allow":["GET"]}}],"collection":[{"href":"https:\/\/badminton.square7.ch\/demo\/wp-json\/wp\/v2\/posts"}],"about":[{"href":"https:\/\/badminton.square7.ch\/demo\/wp-json\/wp\/v2\/types\/post"}],"author":[{"embeddable":true,"href":"https:\/\/badminton.square7.ch\/demo\/wp-json\/wp\/v2\/users\/3"}],"replies":[{"embeddable":true,"href":"https:\/\/badminton.square7.ch\/demo\/wp-json\/wp\/v2\/comments?post=2029"}],"version-history":[{"count":1,"href":"https:\/\/badminton.square7.ch\/demo\/wp-json\/wp\/v2\/posts\/2029\/revisions"}],"predecessor-version":[{"id":2030,"href":"https:\/\/badminton.square7.ch\/demo\/wp-json\/wp\/v2\/posts\/2029\/revisions\/2030"}],"wp:attachment":[{"href":"https:\/\/badminton.square7.ch\/demo\/wp-json\/wp\/v2\/media?parent=2029"}],"wp:term":[{"taxonomy":"category","embeddable":true,"href":"https:\/\/badminton.square7.ch\/demo\/wp-json\/wp\/v2\/categories?post=2029"},{"taxonomy":"post_tag","embeddable":true,"href":"https:\/\/badminton.square7.ch\/demo\/wp-json\/wp\/v2\/tags?post=2029"}],"curies":[{"name":"wp","href":"https:\/\/api.w.org\/{rel}","templated":true}]}}