{"id":2014,"date":"2015-02-28T15:05:09","date_gmt":"2015-02-28T13:05:09","guid":{"rendered":"http:\/\/badminton.square7.ch\/demo\/?p=2014"},"modified":"2015-02-28T15:11:24","modified_gmt":"2015-02-28T13:11:24","slug":"unsere-nachwuchstalente-trumpfen-auf-bei-der-sachsenquali-u13-und-u15","status":"publish","type":"post","link":"https:\/\/badminton.square7.ch\/demo\/unsere-nachwuchstalente-trumpfen-auf-bei-der-sachsenquali-u13-und-u15\/","title":{"rendered":"Unsere Nachwuchstalente trumpfen auf bei der Sachsenquali U13 und U15"},"content":{"rendered":"<p><img decoding=\"async\" class=\"ngg_displayed_gallery mceItem\" src=\"http:\/\/badminton.square7.ch\/demo\/index.php\/nextgen-attach_to_post\/preview\/id--2026\" alt=\"\" \/><\/p>\n<p>Am 24.01. und 25.01. reisten unsere gr\u00f6\u00dften Talente zu den Qualifikationsspielen f\u00fcr die Sachsenranglisten. Am Samstag fuhren Verena Schwitzky, Daniel Menzel und Erik Putschke nach Gro\u00dfenhain, um den 1. BV G\u00f6rlitz w\u00fcrdig zu vertreten. Die Erwartungen wurden voll und ganz erf\u00fcllt. Super Leistung von Erik und Daniel, die die Pl\u00e4tze 4 und 6 belegten, und die direkte Qualifikation zur Teilnahme an der Sachenrangliste perfekt machten. Auch Verena (als beste Teilnehmerin des Regionalverbandes) hat sehr gute Chancen, sich zu qualifizieren.<\/p>\n<p>Am Sonntag war dann unsere Geschwisterpaar Robin und Rosalin Reichel in der Altersklasse U13 in der Pflicht. Unsere Hoffnungen ruhten vor allem auf Rosa, die schon im Vorfeld mit sehr guten Leistungen \u00fcberzeugte. Beide &#8222;erwischten&#8220; in der ersten Runde ein Freilos. Gl\u00fcck gehabt ! Aber dann zeigte Rosa, welches Potenzial in ihr steckt. Sie gewann alle folgenden Spiele, und stand im Finale. Trotz eines guten Spiels musste sie der Gegnerin den Sieg \u00fcberlassen. Mit dem tollen (insgeheim erhofften) 2. Platz schaffte Rosa souver\u00e4n die Quali f\u00fcr die Sachsenrangliste. Auch Robin spielte sein normales Leistungsverm\u00f6gen aus, und belegte in der Endabrechnung Rang 12. Als Bestplatzierter des Regionalverbandes stehen die Chancen gut, an den Sachsenranglisten teilzunehmen.<\/p>\n<p>Alles in allem war es ein sehr erfolgreiches Wochenende f\u00fcr den 1. BV G\u00f6rlitz. Sieg in beiden Punktspielen und die erfolgreiche Quali f\u00fcr die Sachsenranglisten. Dies motiviert nat\u00fcrlich, weiter unseren Nachwuchs zu f\u00f6rdern, und den Verein w\u00fcrdig bei \u00fcberregionalen Aufgaben zu vertreten.<\/p>\n","protected":false},"excerpt":{"rendered":"<p>Am 24.01. und 25.01. reisten unsere gr\u00f6\u00dften Talente zu den Qualifikationsspielen f\u00fcr die Sachsenranglisten. Am Samstag fuhren Verena Schwitzky, Daniel Menzel und Erik Putschke nach Gro\u00dfenhain, um den 1. BV [&hellip;]<\/p>\n","protected":false},"author":3,"featured_media":0,"comment_status":"closed","ping_status":"closed","sticky":false,"template":"","format":"standard","meta":{"_custom_body_class":"","_custom_post_class":"","footnotes":""},"categories":[1],"tags":[],"class_list":["post-2014","post","type-post","status-publish","format-standard","hentry","category-allgemein"],"_links":{"self":[{"href":"https:\/\/badminton.square7.ch\/demo\/wp-json\/wp\/v2\/posts\/2014","targetHints":{"allow":["GET"]}}],"collection":[{"href":"https:\/\/badminton.square7.ch\/demo\/wp-json\/wp\/v2\/posts"}],"about":[{"href":"https:\/\/badminton.square7.ch\/demo\/wp-json\/wp\/v2\/types\/post"}],"author":[{"embeddable":true,"href":"https:\/\/badminton.square7.ch\/demo\/wp-json\/wp\/v2\/users\/3"}],"replies":[{"embeddable":true,"href":"https:\/\/badminton.square7.ch\/demo\/wp-json\/wp\/v2\/comments?post=2014"}],"version-history":[{"count":2,"href":"https:\/\/badminton.square7.ch\/demo\/wp-json\/wp\/v2\/posts\/2014\/revisions"}],"predecessor-version":[{"id":2028,"href":"https:\/\/badminton.square7.ch\/demo\/wp-json\/wp\/v2\/posts\/2014\/revisions\/2028"}],"wp:attachment":[{"href":"https:\/\/badminton.square7.ch\/demo\/wp-json\/wp\/v2\/media?parent=2014"}],"wp:term":[{"taxonomy":"category","embeddable":true,"href":"https:\/\/badminton.square7.ch\/demo\/wp-json\/wp\/v2\/categories?post=2014"},{"taxonomy":"post_tag","embeddable":true,"href":"https:\/\/badminton.square7.ch\/demo\/wp-json\/wp\/v2\/tags?post=2014"}],"curies":[{"name":"wp","href":"https:\/\/api.w.org\/{rel}","templated":true}]}}