{"id":1752,"date":"2014-12-16T15:14:34","date_gmt":"2014-12-16T13:14:34","guid":{"rendered":"http:\/\/badminton.square7.ch\/demo\/?p=1752"},"modified":"2014-12-19T14:37:46","modified_gmt":"2014-12-19T12:37:46","slug":"rem-altersklassen-u09-u19","status":"publish","type":"post","link":"https:\/\/badminton.square7.ch\/demo\/rem-altersklassen-u09-u19\/","title":{"rendered":"REM Altersklassen U09-U19"},"content":{"rendered":"<p><img decoding=\"async\" class=\"ngg_displayed_gallery mceItem\" src=\"http:\/\/badminton.square7.ch\/demo\/index.php\/nextgen-attach_to_post\/preview\/id--1903\" alt=\"\" \/><\/p>\n<p style=\"text-align: left;\"><span style=\"font-size: 16px;\"><strong><span style=\"font-family: times new roman,times;\">Ergebnisse bei KROTON:\u00a0\u00a0<a href=\"http:\/\/www.turnier.de\/sport\/tournament.aspx?id=33D86436-0B44-4C29-8890-CEE17709D1A4\" target=\"_blank\"> [click here]<\/a><\/span><\/strong><\/span><\/p>\n<p><span style=\"font-family: times new roman,times; font-size: 16px;\">Am 06.12.2014 war es f\u00fcr alle Kinder- und Jugendlichen der Badmintonszene des RVO soweit. Der H\u00f6hepunkt der Saison (die Regionaleinzelmeisterschaften) stand an. Trotz des Nikolaustages fanden 67 Sportfreunde den Weg nach G\u00f6rlitz. Allerdings plagte<br \/>\nsich der eine oder andere mit Infekten u.\u00e4. Krankheiten herum, die eine Teilnahme leider nicht zulie\u00dfen. Gute Besserung !!<br \/>\n<\/span><\/p>\n<p><!--more--><br \/>\n<span style=\"font-family: times new roman,times; font-size: 16px;\">Und los ging es !. In 2 Hallen flogen ab 9:00 Uhr die Federb\u00e4lle (meistens) \u00fcber\u00a0 die Netze. Dabei machten uns die &#8222;Kleinen&#8220; (Also U09 und U11) sehr<\/span><br \/>\n<span style=\"font-family: times new roman,times; font-size: 16px;\"> viel Freude. Bereits mit gro\u00dfem Ehrgeiz und Siegeswillen absolvierten sie ihre Spiele. In der U09 wurde nur Einzel gespielt, w\u00e4hrend die U11 ausserdem<\/span> <span style=\"font-family: times new roman,times; font-size: 16px;\">in den Doppeldisziplinen die Besten ermittelten.<\/span><br \/>\n<span style=\"font-family: times new roman,times; font-size: 16px;\"> Lara Tabea Wieners erreicht im ME U09 einen tollen 2.Platz.\u00a0 In der U11 belegte Frederike Lyko immerhin den 4. Platz und im MD mit Lara Tabea Wieners den 3. Platz.<\/span> <span style=\"font-family: times new roman,times; font-size: 16px;\">In diesen Altersklassen musste die Konkurrenz die \u00dcberlegenheit der Sportler aus Bautzen und Gro\u00dfsch\u00f6nau anerkennen. Sehr gute Nachwuchsarbeit !<\/span><br \/>\n<span style=\"font-family: times new roman,times; font-size: 16px;\"> Die Siegerehrung der &#8222;Kleinen&#8220; war dann das Highlight der Veranstaltung, hatte sich doch der Nikolaus extra etwas Zeit genommen. Er lie\u00df es sich nicht nehmen, die<\/span> <span style=\"font-family: times new roman,times; font-size: 16px;\">Siegerehrung vorzunehmen, und hatte auch noch f\u00fcr jedes Kind eine kleine Wundert\u00fcte im Sack. Das war eine \u00dcberraschung !!<\/span><\/p>\n<p><span style=\"font-family: times new roman,times; font-size: 16px;\">Unsere gro\u00dfe Hoffnung im ME U13 Rosalin Reichel lie\u00df keinen Zweifel an ihrer Favoritenrolle und gewann sicher das Einzel und mit ihrer Partnerin<\/span><br \/>\n<span style=\"font-family: times new roman,times; font-size: 16px;\"> Laura Bode (MSV Bautzen) auch im Doppel.<\/span><\/p>\n<p><span style=\"font-family: times new roman,times; font-size: 16px;\">Mit gro\u00dfer Spannung erwarteten\u00a0 alle die Konkurrenzen in der AK U15. Hier war die Leistungsdichte aber auch die Qualit\u00e4t sehr hoch. Die G\u00f6rlitzer Hoffnungen<\/span>\u00a0 <span style=\"font-family: times new roman,times; font-size: 16px;\">lagen bei Daniel, Erik, Phillipp und Verena. Als erste mussten sich Verena und Phillipp im Mixed-Finale gegen ein Mixed aus Hoyerswerda messen. Obwohl Dominik<\/span> <span style=\"font-family: times new roman,times; font-size: 16px;\">und Anna Celin leichte Favoriten waren, gewannen die G\u00f6rlitzer den 1. Satz mit 21:19. Der 2. Satz ging leider mit 18:21 verloren. Im 3. Satz entwickelte sich ein tolles,<\/span> <span style=\"font-family: times new roman,times; font-size: 16px;\">spannendes Spiel, das letztendlich Phillipp und Verena knapp f\u00fcr sich entschieden.\u00a0 Verena untermauerte ihre gute Form mit dem Sieg im Einzel vor Tina Ritscher.<\/span><br \/>\n<span style=\"font-family: times new roman,times; font-size: 16px;\"> Im JE galt es f\u00fcr die G\u00f6rlitzer gegen Dominik aus Hoyerswerda zu bestehen, der als Favorit ins Rennen ging, und auch gewann. Phillip wurde Zweiter und Erik konnte<\/span> <span style=\"font-family: times new roman,times; font-size: 16px;\">sich noch den 3. Platz erk\u00e4mpfen.<\/span><br \/>\n<span style=\"font-family: times new roman,times; font-size: 16px;\"> Ein absolutes Highlight war das Finale im JD. Daniel und Erik gegen Phillipp und Dominik. Hier gab es keinen Favoriten. Beide Doppel spielen auf Augenh\u00f6he. Phillipp und Dominik gewannen den 1.Satz mit 21:17. Etwas frustriert begannen Daniel und Erik den 2.Satz. Mit einer tollen k\u00e4mpferischen und spielerischen Leistung<\/span> <span style=\"font-family: times new roman,times; font-size: 16px;\">gewannen sie den 2. Satz mit 21:19. Herzschlagfinale!. Der 3. Satz musste die Entscheidung bringen. Es entwickelte sich ein wahrer Krimi, den letztendlich Daniel und Erik mit 22:20 f\u00fcr sich entschieden. Wahnsinnsspiel !!\u00a0 Das war Werbung f\u00fcr den Badmintonsport !<\/span><\/p>\n<p><span style=\"font-family: times new roman,times; font-size: 16px;\">Die AK U17 stand ganz im Zeichen von Sebastin Menzel, der alle 3 Disziplinen gewann und so zum erfolgreichsten Sportler der REM avancierte. Gl\u00fcckwunsch.<\/span><br \/>\n<span style=\"font-family: times new roman,times; font-size: 16px;\"> Weiter belegte Max Menzel in der U17 den 2. Platz im Einzel sowie den 3. Platz mit Janin Balzer im Mixed.<\/span><\/p>\n<p><span style=\"font-family: times new roman,times; font-size: 16px;\">Allen Siegern und Platzierten Gl\u00fcckwunsch und weiter so.<\/span><\/p>\n<p><span style=\"font-family: times new roman,times; font-size: 16px;\">Auch unserem Verein wird diese gelungene Meisterschaft in guter Erinnerung bleiben.<br \/>\n<\/span><br \/>\n<span style=\"font-family: times new roman,times; font-size: 16px;\"> Dank an alle Organisatoren, Helfer (Catering !!) und Dank auch an unsere Sportler und deren gezeigte prima Leistungen.<\/span><\/p>\n","protected":false},"excerpt":{"rendered":"<p>Ergebnisse bei KROTON:\u00a0\u00a0 [click here] Am 06.12.2014 war es f\u00fcr alle Kinder- und Jugendlichen der Badmintonszene des RVO soweit. Der H\u00f6hepunkt der Saison (die Regionaleinzelmeisterschaften) stand an. Trotz des Nikolaustages [&hellip;]<\/p>\n","protected":false},"author":3,"featured_media":0,"comment_status":"closed","ping_status":"closed","sticky":false,"template":"","format":"standard","meta":{"_custom_body_class":"","_custom_post_class":"","footnotes":""},"categories":[1],"tags":[],"class_list":["post-1752","post","type-post","status-publish","format-standard","hentry","category-allgemein"],"_links":{"self":[{"href":"https:\/\/badminton.square7.ch\/demo\/wp-json\/wp\/v2\/posts\/1752","targetHints":{"allow":["GET"]}}],"collection":[{"href":"https:\/\/badminton.square7.ch\/demo\/wp-json\/wp\/v2\/posts"}],"about":[{"href":"https:\/\/badminton.square7.ch\/demo\/wp-json\/wp\/v2\/types\/post"}],"author":[{"embeddable":true,"href":"https:\/\/badminton.square7.ch\/demo\/wp-json\/wp\/v2\/users\/3"}],"replies":[{"embeddable":true,"href":"https:\/\/badminton.square7.ch\/demo\/wp-json\/wp\/v2\/comments?post=1752"}],"version-history":[{"count":12,"href":"https:\/\/badminton.square7.ch\/demo\/wp-json\/wp\/v2\/posts\/1752\/revisions"}],"predecessor-version":[{"id":1912,"href":"https:\/\/badminton.square7.ch\/demo\/wp-json\/wp\/v2\/posts\/1752\/revisions\/1912"}],"wp:attachment":[{"href":"https:\/\/badminton.square7.ch\/demo\/wp-json\/wp\/v2\/media?parent=1752"}],"wp:term":[{"taxonomy":"category","embeddable":true,"href":"https:\/\/badminton.square7.ch\/demo\/wp-json\/wp\/v2\/categories?post=1752"},{"taxonomy":"post_tag","embeddable":true,"href":"https:\/\/badminton.square7.ch\/demo\/wp-json\/wp\/v2\/tags?post=1752"}],"curies":[{"name":"wp","href":"https:\/\/api.w.org\/{rel}","templated":true}]}}